{"id":8,"date":"2017-10-28T00:00:00","date_gmt":"2017-10-28T00:00:00","guid":{"rendered":"http:\/\/www.sagnheimar.is\/safnahelgin-2-5-november-2017\/"},"modified":"2017-10-28T00:00:00","modified_gmt":"2017-10-28T00:00:00","slug":"safnahelgin-2-5-november-2017","status":"publish","type":"post","link":"https:\/\/www.sagnheimar.is\/en\/safnahelgin-2-5-november-2017\/","title":{"rendered":"Safnahelgin, 2.-5. n\u00f3vember 2017"},"content":{"rendered":"<p>Undirb\u00faningur er n\u00fa kominn vel \u00e1 veg h\u00e9r \u00ed Safnah\u00fasi fyrir safnahelgina okkar og margt spennandi \u00ed bo\u00f0i \u00e1 b\u00e1\u00f0um h\u00e6\u00f0um.<\/p>\n<p>Fimmtudaginn 2. n\u00f3vember, kl. 15:30 opnar \u00ed P\u00e1lsstofu s\u00fdningin <strong>,,St\u00f3llinn hans Kjartans&#8221;<\/strong>. Kynntur ver\u00f0ur til s\u00f6gunnar n\u00fdr safngripur me\u00f0 a\u00f0sto\u00f0 lj\u00f3smynda og spurt spurningarinnar ,,Hvers vir\u00f0i&nbsp;eru munir \u00e1n s\u00f6gu?&#8221;<\/p>\n<p>Sunnudaginn 5. n\u00f3vember ver\u00f0um vi\u00f0 s\u00ed\u00f0an me\u00f0 <strong>S\u00f6gu og s\u00fapu<\/strong> \u00e1 bryggjusv\u00e6\u00f0i Sagnheima, kl. 12. <strong>Anna K. Kristj\u00e1nsd\u00f3ttir<\/strong> les \u00far n\u00fd\u00fatkominni b\u00f3k <strong>,,Anna &#8211; Eins og \u00e9g er&#8221;<\/strong> sem Gu\u00f0r\u00ed\u00f0ur Haraldsd\u00f3ttir skr\u00e1\u00f0i um \u00f3tr\u00falega \u00e6vi \u00feessarar merku bar\u00e1ttukonu, sem m.a. var v\u00e9lstj\u00f3ri \u00e1 Vestmannaey. B\u00f3kin ver\u00f0ur til s\u00f6lu \u00e1 sta\u00f0num og Anna mun vafalaust \u00e1rita hana fyrir \u00e1hugasama kaupendur.<\/p>\n<p>Sagnheimar ver\u00f0a opnir um helgina sem h\u00e9r segir:<\/p>\n<p>fimmtudag og f\u00f6studag kl. 13-16.<\/p>\n<p>laugardag og sunnudag: kl 12-16.<\/p>\n<p>\u00ddmislegt fleira ver\u00f0ur \u00e1 d\u00f6finni og ver\u00f0ur \u00fea\u00f0 allt augl\u00fdst betur \u00feegar n\u00e6r dregur.<\/p>\n<p><\/p>\n","protected":false},"excerpt":{"rendered":"<p>Undirb\u00faningur er n\u00fa kominn vel \u00e1 veg h\u00e9r \u00ed Safnah\u00fasi fyrir safnahelgina okkar og margt spennandi \u00ed bo\u00f0i \u00e1 b\u00e1\u00f0um h\u00e6\u00f0um. Fimmtudaginn 2. n\u00f3vember, kl. 15:30 opnar \u00ed P\u00e1lsstofu s\u00fdningin<\/p>\n","protected":false},"author":1,"featured_media":9,"comment_status":"closed","ping_status":"open","sticky":false,"template":"","format":"standard","meta":{"footnotes":""},"categories":[5],"tags":[],"class_list":["post-8","post","type-post","status-publish","format-standard","has-post-thumbnail","hentry","category-frettir-2017"],"_links":{"self":[{"href":"https:\/\/www.sagnheimar.is\/en\/wp-json\/wp\/v2\/posts\/8","targetHints":{"allow":["GET"]}}],"collection":[{"href":"https:\/\/www.sagnheimar.is\/en\/wp-json\/wp\/v2\/posts"}],"about":[{"href":"https:\/\/www.sagnheimar.is\/en\/wp-json\/wp\/v2\/types\/post"}],"author":[{"embeddable":true,"href":"https:\/\/www.sagnheimar.is\/en\/wp-json\/wp\/v2\/users\/1"}],"replies":[{"embeddable":true,"href":"https:\/\/www.sagnheimar.is\/en\/wp-json\/wp\/v2\/comments?post=8"}],"version-history":[{"count":0,"href":"https:\/\/www.sagnheimar.is\/en\/wp-json\/wp\/v2\/posts\/8\/revisions"}],"wp:featuredmedia":[{"embeddable":true,"href":"https:\/\/www.sagnheimar.is\/en\/wp-json\/wp\/v2\/media\/9"}],"wp:attachment":[{"href":"https:\/\/www.sagnheimar.is\/en\/wp-json\/wp\/v2\/media?parent=8"}],"wp:term":[{"taxonomy":"category","embeddable":true,"href":"https:\/\/www.sagnheimar.is\/en\/wp-json\/wp\/v2\/categories?post=8"},{"taxonomy":"post_tag","embeddable":true,"href":"https:\/\/www.sagnheimar.is\/en\/wp-json\/wp\/v2\/tags?post=8"}],"curies":[{"name":"wp","href":"https:\/\/api.w.org\/{rel}","templated":true}]}}