{"id":83,"date":"2016-06-12T00:00:00","date_gmt":"2016-06-12T00:00:00","guid":{"rendered":"http:\/\/www.sagnheimar.is\/forsetarnir-i-einarsstofu\/"},"modified":"2016-06-12T00:00:00","modified_gmt":"2016-06-12T00:00:00","slug":"forsetarnir-i-einarsstofu","status":"publish","type":"post","link":"https:\/\/www.sagnheimar.is\/en\/forsetarnir-i-einarsstofu\/","title":{"rendered":"Forsetarnir \u00ed Einarsstofu"},"content":{"rendered":"<p>\u00cd Einarsstofu eru n\u00fa myndir af \u00f6llum forsetum \u00edslenska l\u00fd\u00f0veldisins \u00e1samt J\u00f3ni Sigur\u00f0ssyni, sem var \u00ed forystu \u00cdslendinga \u00ed sj\u00e1lfst\u00e6\u00f0isbar\u00e1ttunni. Afm\u00e6lisdagur hans, 17. j\u00fan\u00ed, er stofndagur \u00edslenska l\u00fd\u00f0veldisins. Vi\u00f0 hverja mynd eru fr\u00f3\u00f0leiksmolar sem tengjast vi\u00f0komandi forseta. \u00c1 \u00feeirri s\u00ed\u00f0ustu eru bara Bessasta\u00f0ir, \u00fear sem \u00edslenska \u00fej\u00f3\u00f0in gengur til forsetakosninga 25. j\u00fan\u00ed nk. og enginn veit enn hver ver\u00f0ur 6. forseti l\u00fd\u00f0veldisins. Alls hafa um 30 manns bo\u00f0i\u00f0 sig fram til forseta fr\u00e1 stofnun l\u00fd\u00f0veldisins, \u00fear af n\u00edu n\u00fa fyrir \u00feessar kosningar. \u00cd sk\u00e1pum eru einnig b\u00e6kur sem tengjast forsetunum og emb\u00e6ttinu. Einarsstofa er opin alla daga kl. 10-17 og \u00fev\u00ed alveg tilvali\u00f0 a\u00f0 koma vi\u00f0 og hita upp fyrir n\u00e6stu kosningar, 25. j\u00fan\u00ed.<\/p>\n<p><\/p>\n","protected":false},"excerpt":{"rendered":"<p>\u00cd Einarsstofu eru n\u00fa myndir af \u00f6llum forsetum \u00edslenska l\u00fd\u00f0veldisins \u00e1samt J\u00f3ni Sigur\u00f0ssyni, sem var \u00ed forystu \u00cdslendinga \u00ed sj\u00e1lfst\u00e6\u00f0isbar\u00e1ttunni. Afm\u00e6lisdagur hans, 17. j\u00fan\u00ed, er stofndagur \u00edslenska l\u00fd\u00f0veldisins. Vi\u00f0 hverja<\/p>\n","protected":false},"author":1,"featured_media":84,"comment_status":"closed","ping_status":"open","sticky":false,"template":"","format":"standard","meta":{"footnotes":""},"categories":[6],"tags":[],"class_list":["post-83","post","type-post","status-publish","format-standard","has-post-thumbnail","hentry","category-frettir-2016"],"_links":{"self":[{"href":"https:\/\/www.sagnheimar.is\/en\/wp-json\/wp\/v2\/posts\/83","targetHints":{"allow":["GET"]}}],"collection":[{"href":"https:\/\/www.sagnheimar.is\/en\/wp-json\/wp\/v2\/posts"}],"about":[{"href":"https:\/\/www.sagnheimar.is\/en\/wp-json\/wp\/v2\/types\/post"}],"author":[{"embeddable":true,"href":"https:\/\/www.sagnheimar.is\/en\/wp-json\/wp\/v2\/users\/1"}],"replies":[{"embeddable":true,"href":"https:\/\/www.sagnheimar.is\/en\/wp-json\/wp\/v2\/comments?post=83"}],"version-history":[{"count":0,"href":"https:\/\/www.sagnheimar.is\/en\/wp-json\/wp\/v2\/posts\/83\/revisions"}],"wp:featuredmedia":[{"embeddable":true,"href":"https:\/\/www.sagnheimar.is\/en\/wp-json\/wp\/v2\/media\/84"}],"wp:attachment":[{"href":"https:\/\/www.sagnheimar.is\/en\/wp-json\/wp\/v2\/media?parent=83"}],"wp:term":[{"taxonomy":"category","embeddable":true,"href":"https:\/\/www.sagnheimar.is\/en\/wp-json\/wp\/v2\/categories?post=83"},{"taxonomy":"post_tag","embeddable":true,"href":"https:\/\/www.sagnheimar.is\/en\/wp-json\/wp\/v2\/tags?post=83"}],"curies":[{"name":"wp","href":"https:\/\/api.w.org\/{rel}","templated":true}]}}