{"id":87,"date":"2016-05-13T00:00:00","date_gmt":"2016-05-13T00:00:00","guid":{"rendered":"http:\/\/www.sagnheimar.is\/safnadagurinn-18-mai-2016\/"},"modified":"2016-05-13T00:00:00","modified_gmt":"2016-05-13T00:00:00","slug":"safnadagurinn-18-mai-2016","status":"publish","type":"post","link":"https:\/\/www.sagnheimar.is\/en\/safnadagurinn-18-mai-2016\/","title":{"rendered":"Safnadagurinn, 18. ma\u00ed 2016"},"content":{"rendered":"<p>\u00cd \u00e1r ver\u00f0ur \u00edslenski safnadagurinn haldinn \u00e1 sama degi og s\u00e1 al\u00fej\u00f3\u00f0legi, \u00fe.e. 18. ma\u00ed n\u00e6stkomandi. Markmi\u00f0i\u00f0 me\u00f0 deginum er a\u00f0 kynna og efla faglegt safnastarf \u00e1 \u00cdslandi og vekja athygli \u00e1 m\u00e1lefnum safna innan samf\u00e9lagsins. \u00de\u00e1tttakendur \u00ed safnadeginum \u00e1 al\u00fej\u00f3\u00f0av\u00edsu er um 35.000 s\u00f6fn \u00ed 140 l\u00f6ndum. Yfirskrift safnadagsins n\u00fa er <em><strong>S\u00f6fn og menningarlandslag<\/strong><\/em> og eru s\u00f6fn hv\u00f6tt til a\u00f0 l\u00edta \u00fat fyrir veggi safnanna og huga a\u00f0 \u00fev\u00ed menningarlandslagi sem alls sta\u00f0ar blasir vi\u00f0 \u00feeim sem hafa opin augu og&nbsp;huga.<\/p>\n<p>Sagnheimar, bygg\u00f0asafn mun bj\u00f3\u00f0a upp \u00e1 <strong>S\u00f6gu og s\u00fapu kl. 12<\/strong> \u00ed tilefni dagsins. &nbsp;\u00dear mun <strong>Perla Kristinsd\u00f3ttir listfr\u00e6\u00f0ingur<\/strong> fjalla um&nbsp;margbreytilegt&nbsp;menningarlandslag&nbsp;h\u00fa\u00f0fl\u00fars h\u00e9r \u00e1 landi og sko\u00f0a \u00fer\u00f3un \u00feess me\u00f0 myndd\u00e6mum. Erindi sitt kallar Perla: <strong>H\u00fa\u00f0fl\u00farlist \u00e1 \u00cdslandi<\/strong>. Upphaf, \u00fer\u00f3un og \u00e1hrif og ver\u00f0ur betur augl\u00fdst n\u00e6stu daga. Fr\u00edtt ver\u00f0ur \u00ed Sagnheima, bygg\u00f0asafn \u00ed tilefni safnadagsins.<\/p>\n<p>Endilega hafi\u00f0 augun opin \u00e1 fer\u00f0um ykkar h\u00e9r heima e\u00f0a erlendis \u00ed kringum 18. ma\u00ed og athugi\u00f0 hva\u00f0 s\u00f6fnin eru a\u00f0 bj\u00f3\u00f0a upp \u00e1. Getum lofa\u00f0 ykkar a\u00f0 \u00fear er margt afar \u00e1hugavert \u00ed bo\u00f0i og reyndar allan \u00e1rsins hring. Veri\u00f0 hjartanlega velkomin!<\/p>\n<p><\/p>\n","protected":false},"excerpt":{"rendered":"<p>\u00cd \u00e1r ver\u00f0ur \u00edslenski safnadagurinn haldinn \u00e1 sama degi og s\u00e1 al\u00fej\u00f3\u00f0legi, \u00fe.e. 18. ma\u00ed n\u00e6stkomandi. Markmi\u00f0i\u00f0 me\u00f0 deginum er a\u00f0 kynna og efla faglegt safnastarf \u00e1 \u00cdslandi og vekja<\/p>\n","protected":false},"author":1,"featured_media":88,"comment_status":"closed","ping_status":"open","sticky":false,"template":"","format":"standard","meta":{"footnotes":""},"categories":[6],"tags":[],"class_list":["post-87","post","type-post","status-publish","format-standard","has-post-thumbnail","hentry","category-frettir-2016"],"_links":{"self":[{"href":"https:\/\/www.sagnheimar.is\/en\/wp-json\/wp\/v2\/posts\/87","targetHints":{"allow":["GET"]}}],"collection":[{"href":"https:\/\/www.sagnheimar.is\/en\/wp-json\/wp\/v2\/posts"}],"about":[{"href":"https:\/\/www.sagnheimar.is\/en\/wp-json\/wp\/v2\/types\/post"}],"author":[{"embeddable":true,"href":"https:\/\/www.sagnheimar.is\/en\/wp-json\/wp\/v2\/users\/1"}],"replies":[{"embeddable":true,"href":"https:\/\/www.sagnheimar.is\/en\/wp-json\/wp\/v2\/comments?post=87"}],"version-history":[{"count":0,"href":"https:\/\/www.sagnheimar.is\/en\/wp-json\/wp\/v2\/posts\/87\/revisions"}],"wp:featuredmedia":[{"embeddable":true,"href":"https:\/\/www.sagnheimar.is\/en\/wp-json\/wp\/v2\/media\/88"}],"wp:attachment":[{"href":"https:\/\/www.sagnheimar.is\/en\/wp-json\/wp\/v2\/media?parent=87"}],"wp:term":[{"taxonomy":"category","embeddable":true,"href":"https:\/\/www.sagnheimar.is\/en\/wp-json\/wp\/v2\/categories?post=87"},{"taxonomy":"post_tag","embeddable":true,"href":"https:\/\/www.sagnheimar.is\/en\/wp-json\/wp\/v2\/tags?post=87"}],"curies":[{"name":"wp","href":"https:\/\/api.w.org\/{rel}","templated":true}]}}