{"id":93,"date":"2016-04-05T00:00:00","date_gmt":"2016-04-05T00:00:00","guid":{"rendered":"http:\/\/www.sagnheimar.is\/saga-og-supa-i-sagnheimum-7-april-kl-12\/"},"modified":"2016-04-05T00:00:00","modified_gmt":"2016-04-05T00:00:00","slug":"saga-og-supa-i-sagnheimum-7-april-kl-12","status":"publish","type":"post","link":"https:\/\/www.sagnheimar.is\/en\/saga-og-supa-i-sagnheimum-7-april-kl-12\/","title":{"rendered":"Saga og s\u00fapa \u00ed Sagnheimum 7. apr\u00edl kl. 12"},"content":{"rendered":"<p>R\u00f3bert Gu\u00f0finnsson athafnama\u00f0ur ver\u00f0ur \u00ed <strong>s\u00f6gu og s\u00fapu \u00ed Sagnheimum &nbsp;fimmtudaginn 7. apr\u00edl kl. 12<\/strong>. &nbsp;Erindi sitt kallar hann ,,\u00dar s\u00edldarb\u00e6 \u00ed n\u00fdsk\u00f6pun&#8221;. \u00dear mun R\u00f3bert fjalla um uppbygginguna \u00e1 Siglufir\u00f0i og \u00feau n\u00fdju atvinnut\u00e6kif\u00e6ri sem \u00fear hafa skapast ekki s\u00edst fyrir ungt, mennta\u00f0 f\u00f3lk. Leita\u00f0 ver\u00f0ur svara vi\u00f0 spurningum eins og:<\/p>\n<p>Hver eru s\u00f3knarf\u00e6ri bygg\u00f0arlaga \u00fati \u00e1 landi?<\/p>\n<p>Hverjir eru m\u00f6guleikar einstaklinga til a\u00f0 leggja samf\u00e9laginu li\u00f0?<\/p>\n<p>Verkefni\u00f0 er styrkt af R\u00f3tar\u00fdkl\u00fabbi Vestmannaeyja sem fagna\u00f0i 60 \u00e1ra afm\u00e6li kl\u00fabbsins \u00e1 s\u00ed\u00f0asta \u00e1ri.<\/p>\n<p>Allir hjartanlega velkomnir!<\/p>\n<p>&nbsp;<\/p>\n<p><\/p>\n","protected":false},"excerpt":{"rendered":"<p>R\u00f3bert Gu\u00f0finnsson athafnama\u00f0ur ver\u00f0ur \u00ed s\u00f6gu og s\u00fapu \u00ed Sagnheimum &nbsp;fimmtudaginn 7. apr\u00edl kl. 12. &nbsp;Erindi sitt kallar hann ,,\u00dar s\u00edldarb\u00e6 \u00ed n\u00fdsk\u00f6pun&#8221;. \u00dear mun R\u00f3bert fjalla um uppbygginguna \u00e1<\/p>\n","protected":false},"author":1,"featured_media":94,"comment_status":"closed","ping_status":"open","sticky":false,"template":"","format":"standard","meta":{"footnotes":""},"categories":[6],"tags":[],"class_list":["post-93","post","type-post","status-publish","format-standard","has-post-thumbnail","hentry","category-frettir-2016"],"_links":{"self":[{"href":"https:\/\/www.sagnheimar.is\/en\/wp-json\/wp\/v2\/posts\/93","targetHints":{"allow":["GET"]}}],"collection":[{"href":"https:\/\/www.sagnheimar.is\/en\/wp-json\/wp\/v2\/posts"}],"about":[{"href":"https:\/\/www.sagnheimar.is\/en\/wp-json\/wp\/v2\/types\/post"}],"author":[{"embeddable":true,"href":"https:\/\/www.sagnheimar.is\/en\/wp-json\/wp\/v2\/users\/1"}],"replies":[{"embeddable":true,"href":"https:\/\/www.sagnheimar.is\/en\/wp-json\/wp\/v2\/comments?post=93"}],"version-history":[{"count":0,"href":"https:\/\/www.sagnheimar.is\/en\/wp-json\/wp\/v2\/posts\/93\/revisions"}],"wp:featuredmedia":[{"embeddable":true,"href":"https:\/\/www.sagnheimar.is\/en\/wp-json\/wp\/v2\/media\/94"}],"wp:attachment":[{"href":"https:\/\/www.sagnheimar.is\/en\/wp-json\/wp\/v2\/media?parent=93"}],"wp:term":[{"taxonomy":"category","embeddable":true,"href":"https:\/\/www.sagnheimar.is\/en\/wp-json\/wp\/v2\/categories?post=93"},{"taxonomy":"post_tag","embeddable":true,"href":"https:\/\/www.sagnheimar.is\/en\/wp-json\/wp\/v2\/tags?post=93"}],"curies":[{"name":"wp","href":"https:\/\/api.w.org\/{rel}","templated":true}]}}